{"id":396,"date":"2022-12-03T13:59:20","date_gmt":"2022-12-03T13:59:20","guid":{"rendered":"http:\/\/csjesa.univnt.ro\/?p=396"},"modified":"2022-12-03T13:59:20","modified_gmt":"2022-12-03T13:59:20","slug":"fundamentele-dreptului-penal-al-uniunii-europene","status":"publish","type":"post","link":"https:\/\/csjesa.univnt.ro\/index.php\/fundamentele-dreptului-penal-al-uniunii-europene\/","title":{"rendered":"Fundamentele Dreptului penal al Uniunii Europene"},"content":{"rendered":"<p><strong>Echipa de cercetare<\/strong><br \/>\nCS III dr. Norel Neagu \u2013 director de proiect<br \/>\nCS II dr. Tudor Avrigeanu \u2013 membru<br \/>\nPrep.univ.drd. Lamya-Diana Al-Kawadri &#8211; membru<\/p>\n<p><strong>Rezumatul proiectului<\/strong><\/p>\n<p><a href=\"https:\/\/csjesa.univnt.ro\/proiecte\/fundamentele_dreptului_penal_al_uniunii_europene.html#obiective\">1. Obiectivele proiectului<\/a><br \/>\n<a href=\"https:\/\/csjesa.univnt.ro\/proiecte\/fundamentele_dreptului_penal_al_uniunii_europene.html#originalitate\">2. Gradul de originalitate si importan\u0163a pentru domeniu<\/a><br \/>\n<a href=\"https:\/\/csjesa.univnt.ro\/proiecte\/fundamentele_dreptului_penal_al_uniunii_europene.html#impact\">3. Impactul estimat al proiectului<\/a><br \/>\n<a href=\"https:\/\/csjesa.univnt.ro\/proiecte\/fundamentele_dreptului_penal_al_uniunii_europene.html#met\">4. Metodologia cercetarii<\/a><\/p>\n<p><strong>Rezultatele cercet\u0103rii<\/strong><\/p>\n<p><a href=\"https:\/\/csjesa.univnt.ro\/proiecte\/fundamentele_dreptului_penal_al_uniunii_europene.html#sinteza\">1. Sinteza cercet\u0103rii<\/a><br \/>\n<a href=\"https:\/\/csjesa.univnt.ro\/proiecte\/fundamentele_dreptului_penal_al_uniunii_europene.html#diseminare\">2. Diseminare<\/a><\/p>\n<p><a id=\"obiective\"><\/a><strong>Obiectivele Proiectului<\/strong><br \/>\nAcest proiect nu sus\u0163ine ideea existen\u0163ei unui drept penal european (suntem foarte departe de acest moment), ci, \u00een contextul adopt\u0103rii unor instrumente legislative cu caracter penal \u015fi a planului ambi\u0163ios la nivel european \u00een urm\u0103torii cinci ani \u00een privin\u0163a asigur\u0103rii unui spa\u0163iu de libertate, securitate \u015fi justi\u0163ie prin folosirea inclusiv a dreptului penal pentru atingerea acestui obiectiv, precum \u015fi \u00een contextul noilor competen\u0163e \u00een cadrul Uniunii \u00een ceea ce prive\u015fte adoptarea de instrumente legislative din domeniul dreptului penal, consider\u0103m c\u0103 se impune cu necesitate un studiu care s\u0103 stabileasc\u0103 \u00een principal fundamentele pe care s-ar putea baza un eventual (viitor) drept penal european. Pentru o politic\u0103 penal\u0103 s\u0103n\u0103toas\u0103 la nivel european este nevoie \u00een primul r\u00e2nd de o legiferare bazat\u0103 pe principii, iar nu pe necesit\u0103\u0163i de moment care creeaz\u0103 premisa necorel\u0103rii instrumentelor de drept penal at\u00e2t la nivel european, c\u00e2t \u015fi la nivel na\u0163ional, \u00een etapa implement\u0103rii.<\/p>\n<p><strong>Obiective<\/strong><br \/>\nProiectul se axeaz\u0103 \u00een principal pe urm\u0103toarele obiective:<br \/>\n1. Necesitatea utiliz\u0103rii dreptului penal \u00een Uniunea European\u0103<br \/>\nPrin proiect se incearc\u0103 demonstrarea necesit\u0103\u0163ii recurgerii la instrumente de drept penal cu caracter transna\u0163ional, at\u00e2t \u00een realizarea obiectivelor de cooperare transfrontalier\u0103 (pe orizontal\u0103), c\u00e2t \u015fi pentru asigurarea eficien\u0163ei politicilor Uniunii (pe vertical\u0103).<br \/>\n2. Tipul de politic\u0103 penal\u0103 utilizat \u00een adoptarea de norme juridice penale \u00een legisla\u0163ia Uniunii Europene; viziunile instrumentaliste versus concep\u0163iile morale privind fundamentarea dreptului penal<br \/>\nSe va studia dac\u0103 exist\u0103 un singur tip de politic\u0103 penal\u0103 utilizat \u00een adoptarea legisla\u0163iei Uniunii Europene (de esen\u0163\u0103 liberal\u0103, egalitar\u0103 sau totalitar\u0103, fiecare cu influen\u0163ele \u015fi devia\u0163iile respective), analiz\u00e2ndu-se \u00een acela\u015fi timp viziunea fundament\u0103rii dreptului penal (de esen\u0163\u0103 instrumentalist\u0103, func\u0163ional\u0103, sau etic\u0103, moral\u0103) pe ambele direc\u0163ii de ac\u0163iune ale Uniunii \u00een dreptul penal (cooperarea \u2013 pe orizontal\u0103, \u015fi armonizarea \u2013 pe vertical\u0103). Se va \u00eencerca argumentarea concluziei ca \u00een ambele direc\u0163ii, de\u015fi aparent se urm\u0103resc obiective diferite \u015fi fundamentarea este diferit\u0103 (spre exemplu, \u00een domeniul cooper\u0103rii, toate incrimin\u0103rile privesc infrac\u0163iuni transna\u0163ionale grave \u2013 mala in se), abordarea este una functional\u0103, instrumentalist\u0103.<br \/>\n3. Stabilirea principiilor generale care ghideaz\u0103 activitatea de incriminare a legiuitorului european \u2013 dreptul penal ca ultima ratio<br \/>\nPractica judiciar\u0103 a Cur\u0163ii Europene de Justi\u0163ie, f\u0103r\u0103 a prevedea explicit acest principiu, tinde s\u0103 stabileasc\u0103 regula potrivit c\u0103reia recurgerea la instrumentele de drept penal pentru asigurarea eficien\u0163ei politicilor Uniunii trebuie s\u0103 constituie o excep\u0163ie \u015fi s\u0103 intervin\u0103 numai atunci c\u00e2nd alte instrumente de implementare nu dau rezultatele scontate. Al\u0103turi de legalitatea incrimin\u0103rii, cooperarea loial\u0103, subsidiaritatea \u015fi propor\u0163ionalitatea, acesta constituie unul din principiile fundamentale care trebuie sa ghideze activitatea legislativ\u0103 a Uniunii \u00een domeniul dreptului penal.<br \/>\n4. No\u0163iunea de infrac\u0163iune \u00een dreptul Uniunii Europene<br \/>\nNu este suficient a se stabili c\u0103 dreptul penal este necesar, c\u0103 activitatea de incriminare este coerent\u0103 \u015fi respect\u0103 principiile generale, ci este nevoie \u015fi de o defini\u0163ie a infrac\u0163iunii \u015fi o stabilire a tr\u0103s\u0103turilor esen\u0163iale ale acesteia la nivel european (chiar dac\u0103 acestea ar fi diferite la nivel na\u0163ional), pentru o aplicare uniform\u0103 la nivelul statelor membre.<br \/>\n5. Stabilirea criteriilor de determinare a caracterului indispensabil la instrumentelor de drept penal \u00een propunerile legislative din Uniunea European\u0103<br \/>\nUtilizarea dreptului penal poate fi necesar\u0103 pentru asigurarea eficien\u0163ei politicilor Uniunii, dar asta nu \u00eenseamn\u0103 c\u0103 este \u015fi indispensabil\u0103. Cum aceasta este una din condi\u0163iile pentru recurgerea la instrumente de drept penal \u00een legisla\u0163ia Uniunii, este necesar\u0103 stabilirea criteriilor de determinare a caracterului indispensabil al acestor instrumente.<br \/>\n6. Asigurarea eficien\u0163ei depline a politicilor Uniunii Europene \u2013 criterii de determinare &#8211; sarcin\u0103 extrem de dificil de realizat<br \/>\nOrice propunere legislativ\u0103 venit\u0103 din partea Comisiei c\u0103tre Consiliu \u015fi Parlamentul European este inso\u0163it\u0103 de un studiu de impact, care trebuie s\u0103 reflecte at\u00e2t impactul preconizat al propunerii, c\u00e2t \u015fi necesitatea adopt\u0103rii actului legislativ. Una din condi\u0163iile de adoptare a instrumentelor juridice din sfera dreptului penal este indispensabilitatea acestora pentru a asigura eficien\u0163a politicilor Uniunii. Curtea European\u0103 de Justi\u0163ie a mers mai departe dec\u00e2t prevederile tratatelor \u00een interpretarea acestei condi\u0163ii, cer\u00e2nd asigurarea eficien\u0163ei depline prin adoptarea de instrumente de drept penal (interpretare restrictiv\u0103). Studiul i\u015fi propune s\u0103 determine criteriile de stabilire a eficien\u0163ei depline (anterior adopt\u0103rii instrumentelor juridice cu caracter penal), de\u015fi aceasta reprezint\u0103 o probatio diabolica, introdus\u0103 pentru a limita efectele noii proceduri legislative (majoritate calificat\u0103 \u00een loc de unanimitate), fiind necesar practic acordul unanim pentru introducerea instrumentului legislativ penal.<br \/>\n7. Stabilirea caracteristicilor specifice dreptului penal \u2013 diferen\u0163ierea de alte mijloace de asigurare a eficientei politicilor Uniunii<br \/>\nDesi p\u00e2n\u0103 \u00een acest moment s-a stabilit c\u00e2nd, cum \u015fi de ce trebuie s\u0103 se recurg\u0103 la instrumente de drept penal, este nevoie totu\u015fi \u015fi de o diferen\u0163iere a acestor instrumente de cele apar\u0163in\u00e2nd altor ramuri ale dreptului \u015fi de ar\u0103tarea modului cum acestea influen\u0163eaz\u0103 sau asigur\u0103 o mai eficient\u0103 realizare a politicilor Uniunii.<\/p>\n<p><a id=\"originalitate\"><\/a><strong>Gradul de originalitate si importan\u0163a pentru domeniu<\/strong><br \/>\nUn astfel de proiect nu a fost realizat pana \u00een acest moment la nivel european, fiind de maxim interes; de altfel, stabilirea principiilor generale care justific\u0103 incriminarea unor fapte ca infrac\u0163iuni este prevazut\u0103 ca unul din mijloacele de realizare a obiectivelor\u00a0 Programului Stockholm privind politica Uniunii Europene \u00een spa\u0163iul de libertate, securitate si justi\u0163ie \u00een perioada 2010-2014. Un astfel de proiect vine \u00een \u00eent\u00e2mpinarea politicilor europene \u00een domeniu.<br \/>\nAcest proiect se remarc\u0103 prin identificarea caracteristicilor de baz\u0103 prin care dreptul penal se diferen\u0163iaz\u0103 de alte tipuri de drept, prin r\u0103spunsul la \u00eentrebarea dac\u0103 \u015fi de ce ar trebui s\u0103 men\u0163in\u0103 o astfel de institu\u0163ie, prin analiza r\u0103spunsurilor instrumentaliste la aceast\u0103 \u00eentrebare, prezent\u00e2nd dreptul penal ca pe o tehnic\u0103 eficient\u0103 pentru atingerea scopurilor propuse, precum \u015fi a r\u0103spunsurilor non-instrumentaliste, portretiz\u00e2nd dreptul penal ca pe un r\u0103spuns intrinsec corespunz\u0103tor pentru anumite tipuri de comportamente ilicite, prin luarea \u00een considerare a modului \u00een care dreptul penal trebuie s\u0103 se adreseze persoanelor, prin analiza domeniului corect de aplicare a dreptului penal stabilind ce tipuri de comportament ar trebui s\u0103 fie incriminate, prin analiza mai multor principii de realizare a incrimin\u0103rii, precum \u015fi prin analiza defini\u0163iei infrac\u0163iunii \u00een viitorul drept penal european.<\/p>\n<p><a id=\"impact\"><\/a><strong>Impactul estimat al proiectului<\/strong><br \/>\nEstimez c\u0103 prezentul proiect ar trebui s\u0103 aib\u0103 un impact semnificativ la niveluri diferite:<br \/>\nIn primul r\u00e2nd, la nivel european, prin propunerea unui program clar de stabilire a condi\u0163iilor de incriminare. Se dore\u015fte stabilirea unor principii de incriminare \u015fi dezvoltarea unor criterii care s\u0103 limiteze recurgerea la institu\u0163ii de drept penal pe criteriul acordului politic, dorindu-se respectarea \u015fi transferarea la nivel european a principiilor statului de drept, a legitimit\u0103\u0163ii incrimin\u0103rii, cu respectarea dreptului fundamental al persoanei la libertate \u015fi \u00eengr\u0103direa acestui drept prin instrumente de drept penal numai ca excep\u0163ie, atunci c\u00e2nd un interes superior o cere.<br \/>\n\u00cen al doilea r\u00e2nd, la nivelul practicii judiciare, prin diseminarea rezultatelor cercet\u0103rii \u015fi con\u015ftientizarea influen\u0163ei deosebit de importante pe care instrumentele juridice apar\u0163in\u00e2nd dreptului penal al Uniunii Europene o produc asupra dreptului penal na\u0163ional \u015fi implicit cum se manifest\u0103 acestea \u00een procesul penal \u015fi care este procedura de urmat de c\u0103tre instan\u0163a de judecat\u0103.<br \/>\n\u00cen al treilea r\u00e2nd, \u00een cadrul programului de formare a magistra\u0163ilor la nivelul INM \u015fi nu numai, care trebuie s\u0103 cunoasc\u0103 importan\u0163a fundament\u0103rii dreptului penal european, cu influen\u0163\u0103 deosebit\u0103 asupra dreptului penal na\u0163ional.<br \/>\n\u00cen al patrulea r\u00e2nd, asupra doctrinei de specialitate, care, foarte probabil va adopta o pozi\u0163ie fa\u0163\u0103 de rezultatele cercet\u0103rii care astfel va contribui la evolu\u0163ia general\u0103 a sistemului nostru de drept.<br \/>\nNu \u00een ultimul r\u00e2nd, estimez c\u0103 acest proiect va avea un impact favorabil chiar asupra vizibilit\u0103\u0163ii interna\u0163ionale a directorului de proiect \u015fi a echipei de cercetare, prin diseminarea rezultatelor cercet\u0103rii (printre altele, prin elaborarea a trei articole ISI \u015fi a unei monografii) \u015fi prin participarea la conferin\u0163e interna\u0163ionale pe parcursul desf\u0103\u015fur\u0103rii proiectului.<\/p>\n<p><a id=\"met\"><\/a><strong>Metodologia cercetarii<\/strong><br \/>\nProiectul se axeaz\u0103 pe cercetarea fundamental\u0103 efectuat\u0103 individual \u015fi \u00een echip\u0103.<br \/>\nEste vorba de un proiect de cercetare \u015ftiin\u0163ific\u0103 \u00een domeniul dreptului, ceea ce presupune analiza legisla\u0163iei \u015fi a condi\u0163iilor ce determin\u0103 adoptarea acesteia, precum \u015fi a efectelor pe care le produce implementarea actelor normative adoptate. Cercetarea se face pe baza legisla\u0163iei adoptate sau preconizat\u0103 a fi adoptat\u0103, a opiniilor exprimate \u00een literatura juridic\u0103 de specialitate, precum \u015fi a efectelor rezultate din practica judiciar\u0103 penal\u0103 sau comunitar\u0103.<br \/>\nSe urm\u0103re\u015fte identificarea fundamentelor dreptului penal european, precum \u015fi a celei mai eficiente politici penale susceptibile de a fi folosit\u0103 \u00een introducerea de dispozi\u0163ii penale in legisla\u0163ia Uniunii Europene.<br \/>\nEste un demers fundamentat teoretic, care nu necesit\u0103 aparatur\u0103 de laborator ori efectuarea de experimente.<br \/>\nAtingerea scopurilor propuse se va face prin activitatea de cercetare a echipei.<br \/>\nCa metodologie de cercetare proiectul are urm\u0103toarele etape:<br \/>\n1. elaborarea premiselor \u015fi ipotezelor de cercetare fenomenologic\u0103 a fundamentelor unui posibil drept penal european;<br \/>\n2. identificarea \u015fi ob\u0163inerea documenta\u0163iei na\u0163ionale \u015fi europene relevante (const\u00e2nd \u00een acte normative, bibliografie de specialitate, hotar\u00e2ri judec\u0103tore\u015fti publicate, culegeri de jurispruden\u0163\u0103, reviste de specialitate, hot\u0103r\u00e2ri judec\u0103tore\u015fti nepublicate);<br \/>\n3. elaborararea unui aparat bibliografic complex, format din lucr\u0103ri ale doctrinei penale pentru fiecare institu\u0163ie legal\u0103 vizat\u0103 (tratate, cursuri, monografii, articole de specialitate, rapoarte na\u0163ionale \u015fi comunitare)<br \/>\n4. analiza comparat\u0103 a reglement\u0103rilor penale, procesual-penale \u015fi institu\u0163ionale europene;<br \/>\n5. analiza practicii judiciare documentate;<br \/>\n6. identificarea problemelor de drept ap\u0103rute ca urmare a legifer\u0103rii \u00eentr-un domeniu \u00een care competen\u0163a institu\u0163iilor Uniunii este limitat\u0103 de suveranitatea na\u0163ional\u0103 (dreptul penal);<br \/>\n7. elaborarea monografiei propuse;<br \/>\n8. diseminarea rezultatelor cercet\u0103rii \u015fi punerea \u00een discu\u0163ie a acestora cu prilejul atelierelor de lucru \u015fi a sesiunii de comunic\u0103ri \u015ftiin\u0163ifice, cu participarea unor speciali\u015fti din \u0163ar\u0103 \u015fi din str\u0103in\u0103tate.<br \/>\nActivitatea de cercetare va fi realizat\u0103 printr-o combinare a eforturilor individuale \u015fi colective ale echipei.<br \/>\n\u00cent\u00e2lniri lunare ale echipei vor fi organizate \u00een vederea evalu\u0103rii progreselor \u00eenregistrate \u00een cercetare de fiecare membru al echipei \u015fi a eventualelor dificult\u0103\u0163i \u00eent\u00e2mpinate. Echipa are o componen\u0163\u0103 echilibrat\u0103, cuprinz\u00e2nd directorul de proiect, un t\u00e2n\u0103r cercet\u0103tor \u015fi un cercet\u0103tor \u00een formare. Este de remarcat c\u0103 \u00een componen\u0163a echipei intr\u0103 un cercet\u0103tor care a studiat problematica dreptului penal la nivel european, efectu\u00e2nd un stagiu de fomare la institu\u0163iile europene (Comisia European\u0103), fiind familiarizat cu procesul legislativ la nivelul Uniunii Europene \u015fi cunosc\u00e2nd at\u00e2t avantajele, c\u00e2t \u015fi dezavantajele acestui proces \u015fi impactul asupra legisla\u0163iei na\u0163ionale. De asemenea, \u00een componen\u0163a echipei de cercetare intr\u0103 un cercetator care a studiat fundamentele dreptului penal \u00een Germania, la renumita \u015fcoal\u0103 de drept penal de la Bonn.<br \/>\nDocumenta\u0163ia de cercetare va fi adunat\u0103 prin accesarea diverselor surse, prin vizite pe teren, prin vizite la organismele europene cu expertiza \u00een domeniu, inclusiv prin participarea la conferin\u0163e interna\u0163ionale pe subiecte legate de proiect, \u015fi prin accesarea celor mai recente publica\u0163ii interna\u0163ionale \u015fi a bazelor de date \u00een domeniu. Studiile \u015fi rapoartele vor fi prezentate \u015fi discutate \u00een cadrul seminariilor \u015fi meselor rotunde organizate de echip\u0103.<\/p>\n<p><a id=\"sinteza\"><\/a><strong>Sinteza cercet\u0103rii<\/strong><\/p>\n<p>Pentru sinteza cercetarii pe 2010:\u00a0<a href=\"https:\/\/csjesa.univnt.ro\/uploads\/sinteza_cercetarii_2010.pdf\">https:\/\/csjesa.univnt.ro\/uploads\/sinteza_cercetarii_2010.pdf<\/a><br \/>\nPentru sinteza cercetarii pe 2011:\u00a0<a href=\"https:\/\/csjesa.univnt.ro\/uploads\/sinteza_cercetarii_2011.pdf\">https:\/\/csjesa.univnt.ro\/uploads\/sinteza_cercetarii_2011.pdf<\/a><br \/>\nPentru sinteza cercetarii pe 2012:\u00a0<a href=\"https:\/\/csjesa.univnt.ro\/uploads\/sinteza_cercetarii_2012.pdf\">https:\/\/csjesa.univnt.ro\/uploads\/sinteza_cercetarii_2012.pdf<\/a><br \/>\nPentru sinteza cercetarii pe 2013:\u00a0<a href=\"https:\/\/csjesa.univnt.ro\/uploads\/sinteza_cercetarii_2013.pdf\">https:\/\/csjesa.univnt.ro\/uploads\/sinteza_cercetarii_2013.pdf<\/a><a id=\"diseminare\"><\/a><\/p>\n<p><strong>Diseminare<\/strong><\/p>\n<p><strong><u><em>A. Articole ISI:<\/em><\/u><\/strong><br \/>\n1.\u00a0<strong>The Ne Bis in Idem Principle in the Interpretation of European Courts: Towards Uniform Interpretation<\/strong>, Leiden Journal of International Law 4\/2012,\u00a0<a href=\"http:\/\/journals.cambridge.org\/abstract_S0922156512000520\">http:\/\/journals.cambridge.org\/abstract_S0922156512000520<\/a><\/p>\n<p><strong><u><em>B. Articole BDI:<\/em><\/u><\/strong><br \/>\n1. CONSENT AND OBVIOUS VULNERABILITY, Revista Curentul Juridic nr.3\/2012,\u00a0<a href=\"http:\/\/revcurentjur.ro\/arhiva\/attachments_201203\/recjurid123_3A.pdf\">http:\/\/revcurentjur.ro\/arhiva\/attachments_201203\/recjurid123_3A.pdf<\/a><br \/>\n2. GENERAL PRINCIPLES GUIDING THE INCRIMINATING ACTIVITY OF THE EUROPEAN LEGISLATURE, Lex et Scientia International Journal nr.2\/2011,\u00a0<a href=\"http:\/\/lexetscientia.univnt.ro\/ro\/articol\/GENERAL-PRINCIPLES-GUIDING-THE-INCRIMINATING-ACTIVITY-OF-THE-EUROPEAN-LEGISLATURE~413.html\">http:\/\/lexetscientia.univnt.ro\/ro\/articol\/GENERAL-PRINCIPLES-GUIDING-THE-INCRIMINATING-ACTIVITY-OF-THE-EUROPEAN-LEGISLATURE~413.html<\/a><br \/>\n3. THE NE BIS IN IDEM PRINCIPLE IN THE CASE-LAW OF THE EUROPEAN COURT OF JUSTICE (I). THE IDEM ISSUE, Lex et Scientia International Journal nr.2\/2011,\u00a0<a href=\"http:\/\/lexetscientia.univnt.ro\/ro\/articol\/THE-NE-BIS-IN-IDEM-PRINCIPLE-IN-THE-CASE-LAW-OF-THE-EUROPEAN-COURT-OF-JUSTICE-I--THE-IDEM-ISSUE~410.html\">http:\/\/lexetscientia.univnt.ro\/ro\/articol\/THE-NE-BIS-IN-IDEM-PRINCIPLE-IN-THE-CASE-LAW-OF-THE-EUROPEAN-COURT-OF-JUSTICE-I&#8211;THE-IDEM-ISSUE~410.html<\/a><br \/>\n4. THE NE BIS IN IDEM PRINCIPLE IN THE CASE-LAW OF THE EUROPEAN COURT OF JUSTICE (II). THE FINAL JUDGMENT AND ENFORCEMENT ISSUES, Lex et Scientia International Journal nr.2\/2012,\u00a0<a href=\"http:\/\/lexetscientia.univnt.ro\/ro\/articol\/THE--NE-BIS-IN-IDEM--PRINCIPLE-IN-THE-CASE-LAW-OF-THE-EUROPEAN-COURT-OF-JUSTICE-II--THE--FINAL-JUDGMENT--AND--ENFORCEMENT--ISSUES~455.html\">http:\/\/lexetscientia.univnt.ro\/ro\/articol\/THE&#8211;NE-BIS-IN-IDEM&#8211;PRINCIPLE-IN-THE-CASE-LAW-OF-THE-EUROPEAN-COURT-OF-JUSTICE-II&#8211;THE&#8211;FINAL-JUDGMENT&#8211;AND&#8211;ENFORCEMENT&#8211;ISSUES~455.html<\/a><br \/>\n5. GENERAL PRINCIPLES OF EU (CRIMINAL) LAW: LEGALITY, EQUALITY, NON-DISCRIMINATION, SPECIALTY AND NE BIS IN IDEM IN THE FIELD OF THE EUROPEAN ARREST WARRANT, CKS E-Book 2012,\u00a0<a href=\"http:\/\/cks.univnt.ro\/cks_all.html\">http:\/\/cks.univnt.ro\/cks_all.html<\/a><br \/>\n6. Effectiveness of European Union Policies, Lex et Scientia nr.2\/2013,\u00a0<a href=\"http:\/\/lexetscientia.univnt.ro\/ro\/articol\/FULL-EFFECTIVNESS-OF-EUROPEAN-UNION--S-POLICIES~498.html\">http:\/\/lexetscientia.univnt.ro\/ro\/articol\/FULL-EFFECTIVNESS-OF-EUROPEAN-UNION&#8211;S-POLICIES~498.html<\/a><br \/>\n<span lang=\"RO\">7.\u00a0<\/span>The Distinctive Features of European Criminal Law,\u00a0 Lex et Scientia nr.1\/2014,\u00a0<a href=\"http:\/\/lexetscientia.univnt.ro\/ro\/articol\/THE-DISTINCTIVE-FEATURES-OF-EUROPEAN-CRIMINAL-LAW~511.html\">http:\/\/lexetscientia.univnt.ro\/ro\/articol\/THE-DISTINCTIVE-FEATURES-OF-EUROPEAN-CRIMINAL-LAW~511.html<\/a><\/p>\n<p><u><em><strong>C.\u00a0<span lang=\"IT\">Monografii<\/span><\/strong><\/em><\/u><\/p>\n<p>Foundations of European Criminal Law<br \/>\n<a href=\"http:\/\/www.beckshop.ro\/foundations_of_european_criminal_law-p6355.html\" target=\"_blank\" rel=\"noopener\">http:\/\/www.beckshop.ro\/foundations_of_european_criminal_law-p6355.html<\/a><br \/>\nJurisprudenta CJUE si influenta acesteia asupra dreptului penal national<br \/>\n<a href=\"http:\/\/www.beckshop.ro\/jurisprudenta_cjue_si_influenta_acesteia_asupra_dreptului_penal_national-p6356.html\" target=\"_blank\" rel=\"noopener\">http:\/\/www.beckshop.ro\/jurisprudenta_cjue_si_influenta_acesteia_asupra_dreptului_penal_national-p6356.html<\/a><\/p>\n<p><a href=\"http:\/\/www.beckshop.ro\/pics\/large\/12563_6355_prd.jpg.jpg\" target=\"_blank\" rel=\"noopener\"><img decoding=\"async\" src=\"http:\/\/www.beckshop.ro\/pics\/large\/12563_6355_prd.jpg.jpg\" alt=\"0\" width=\"136\" height=\"209\" \/><\/a>\u00a0<a href=\"http:\/\/www.beckshop.ro\/pics\/large\/12564_6356_prd.jpg.jpg\" target=\"_blank\" rel=\"noopener\"><img decoding=\"async\" src=\"http:\/\/www.beckshop.ro\/pics\/large\/12564_6356_prd.jpg.jpg\" alt=\"00\" width=\"136\" height=\"209\" \/><\/a><\/p>\n<p><u><em><strong>D.<\/strong>\u00a0<strong>Conferinta &#8220;Fundamentele dreptului penal al Uniunii Europene&#8221;, 17 mai 2013<\/strong><\/em><\/u><br \/>\nUniversitatea Nicolae Titulescu organizeaza in data de 17 mai 2013, la Sala Senatului, incepand cu orele 11.30, Conferinta &#8220;Fundamentele dreptului penal al Uniunii Europene&#8221;.<br \/>\nProgramul Conferin\u021bei:<\/p>\n<p>1.\u00a0\u00a0\u00a0\u00a0\u00a0Mirela Gorunescu \u2013 Principiul \u201dne bis in idem\u201d \u00een jurispruden\u021ba CJUE \u00een materie penal\u0103<br \/>\n2.\u00a0\u00a0\u00a0\u00a0\u00a0Norel Neagu \u2013 Principiul egalit\u0103\u021bii \u0219i nediscrimin\u0103rii \u00een jurispruden\u021ba CJUE \u00een materie penal\u0103<br \/>\n3.\u00a0\u00a0\u00a0\u00a0\u00a0Mircea Damaschin \u2013 Dreptul la ap\u0103rare, mandatul european de arestare \u0219i jurispruden\u021ba CJUE \u00een materie penal\u0103<br \/>\n4.\u00a0\u00a0\u00a0\u00a0\u00a0Mihai Hotca \u2013 Obliga\u021bia de informare \u0219i jurispruden\u021ba CJUE \u00een materia sp\u0103l\u0103rii banilor<br \/>\n5.\u00a0\u00a0\u00a0\u00a0\u00a0Norel Neagu \u2013 Principiul specialit\u0103\u021bii \u00een jurispruden\u021ba CJUE \u00een materie penal\u0103<br \/>\n6.\u00a0\u00a0\u00a0\u00a0\u00a0Lamya-Diana Al-Kawadri \u2013 Principiul eficien\u021bei \u0219i jurispruden\u021ba CJUE \u00een materie penal\u0103<br \/>\nConferinta se adreseaza atat teoreticienilor, cat si practicienilor. Numar de locuri: 30. Nu se percepe taxa de participare. Pentru inscrieri va rugam sa ne contactati la adresa\u00a0<a href=\"mailto:norel.neagu@univnt.ro\" target=\"_blank\" rel=\"noopener\">norel.neagu@univnt.ro<\/a>.<br \/>\nPartener:\u00a0<a href=\"http:\/\/www.ardae.ro\/?p=117\">Asociatia romana de drept si afaceri europene &#8211; ARDAE<\/a><br \/>\nPartner media: JURIDICE.ro<\/p>\n<p>Desfasurarea conferintei:<br \/>\n&#8211; prima parte:\u00a0<a href=\"http:\/\/www.youtube.com\/watch?v=10Vb2f0qxRo\">http:\/\/www.youtube.com\/watch?v=10Vb2f0qxRo<\/a><br \/>\n&#8211; a doua parte:\u00a0<a href=\"http:\/\/www.youtube.com\/watch?v=v0q5rLAK0J4\">http:\/\/www.youtube.com\/watch?v=v0q5rLAK0J4<\/a><\/p>\n<p><em><u><strong>E. Colocviu pregatitor Congresul international de drept penal Rio de Janeiro 2014<\/strong><\/u><\/em><br \/>\nIn perioada 10-12.06.2013 a avut loc la Facultatea de Drept a Universitatii din Helsinki, FInlanda, al IV-lea Colocviu pregatitor al Congresului international de drept penal ce va avea loc la Rio de Janeiro, in anul 2014. La lucrarile colocviului pregatitor a participat, din partea Universitatii Nicolae Titulescu, dl. conf.univ.dr. Norel Neagu. In link se regaseste rezolutia adoptata la acest colocviu pregatitor.<\/p>\n<p><a href=\"https:\/\/csjesa.univnt.ro\/uploads\/docs\/AIDP_Helsinki_colloquium_resolutions_bisfinal.pdf\">https:\/\/csjesa.univnt.ro\/uploads\/docs\/AIDP_Helsinki_colloquium_resolutions_bisfinal.pdf<\/a><\/p>\n<p><a href=\"https:\/\/csjesa.univnt.ro\/uploads\/pics\/01.jpg\" target=\"_blank\" rel=\"noopener\"><img fetchpriority=\"high\" decoding=\"async\" src=\"https:\/\/csjesa.univnt.ro\/uploads\/pics\/01.jpg\" alt=\"1\" width=\"318\" height=\"238\" \/><\/a>\u00a0<a href=\"https:\/\/csjesa.univnt.ro\/uploads\/pics\/02.jpg\" target=\"_blank\" rel=\"noopener\"><img loading=\"lazy\" decoding=\"async\" src=\"https:\/\/csjesa.univnt.ro\/uploads\/pics\/02.jpg\" alt=\"2\" width=\"320\" height=\"238\" \/><\/a><\/p>\n<p><u><em><strong>F. Centrul de drept european de la Universitatea din Catania a organizat conferin\u021ba&#8221;Provocarea infiintarii unui Parchet European: definirea de norme comune \u0219i impactul acestora asupra sistemelor juridice na\u021bionale&#8221;.<\/strong><\/em><\/u><\/p>\n<p>Evenimentul organizat cu sprijinul OLAF a avut loc \u00een<em>Aula Orazio Condorelli, Dipartimento Seminario Giuridico<\/em>, Via Gallo 24 \u00een Catania (Italia), in perioada 20-22 iunie 2013.<\/p>\n<p>Pe fondul articolului 86 din TFUE, care prevede \u00eenfiin\u021barea unui Parchet European, responsabil &#8220;pentru investigarea, urm\u0103rirea penal\u0103 \u0219i trimiterea \u00een judecat\u0103 (&#8230;) a participantilor la savarsirea unor infrac\u021biuni \u00eempotriva intereselor financiare ale Uniunii&#8221;, perspective interesante s-au deschis cu privire la procesul dinamic ce implica reglementarea de norme comune europene \u00een materie penal\u0103.<\/p>\n<p>Discu\u021biile din cadrul acestei conferin\u021be au implicat actorii institu\u021bionali relevan\u021bi la nivel na\u021bional ale unor state-membre ce au dezbatut implicatiile ce le-ar presupune adoptarea unei propuneri de regulament de instituire a unui Parchet European, competenta acestuia fiind cea mai delicata problema.<\/p>\n<p>Practicieni ai dreptului penal au fost invitati sa dezbata aceste probleme legate de crearea unei noi dimensiuni europene privind dreptul penal material, precum \u0219i dreptul procedural.<\/p>\n<p>Obiectivul esen\u021bial al evenimentului a fost stabilirea, pe baza unui cadru legal \u0219i opera\u021bional, a unei notiuni adecvate pentru a asigura echilibrul fundamental \u00eentre eficien\u021ba de represiune \u0219i garan\u021biile persoanelor fizice de catre un asemenea Parchet European.<br \/>\nLa eveniment si-au prezentat punctele de vedere persoanalitati precum, SILVIA ALLEGREZZA, cercetator in drept procesual penal, Universitatea din Bologna, LORENA BACHMAIER WINTER, Profesor de drept procesual penal, Universitatea Complutense din Madrid, ANTONIO BALSAMO, Judecator, Curtea Caltanissetta, ALESSANDRO BERNARDI, Profesor de drept penal, Universitatea din Ferrara, ANTOINE CAHEN, Head of Unit, Committee on Civil Liberties, Justice and Home Affairs (LIBE) &#8211; Parlamentul European, MICHELE CAIANIELLO, Profesor de drept procesual penal, Universitatea din Bologna, ALBERTO CANDI, Procuror, Curtea de apel din Bologna, GIANFRANCO CIANI, Procuror, Curtea de Casatie, P\u00c9TER CSONKA, Advisor, Criminal Justice, DG Justice,Comisia Europeana, GIOVANNI GRASSO, Profesor de drept penal, Universitatea din Catania, si Presedinte al \u201cCentro di Diritto Penale Europeo\u201d, si altii.<\/p>\n<p><a href=\"https:\/\/csjesa.univnt.ro\/uploads\/pics\/conferinta_catania\/01.JPG\" target=\"_blank\" rel=\"noopener\"><img loading=\"lazy\" decoding=\"async\" src=\"https:\/\/csjesa.univnt.ro\/uploads\/pics\/conferinta_catania\/01.JPG\" alt=\"01\" width=\"316\" height=\"238\" \/><\/a>\u00a0<a href=\"https:\/\/csjesa.univnt.ro\/uploads\/pics\/conferinta_catania\/02.JPG\" target=\"_blank\" rel=\"noopener\"><img loading=\"lazy\" decoding=\"async\" src=\"https:\/\/csjesa.univnt.ro\/uploads\/pics\/conferinta_catania\/02.JPG\" alt=\"2\" width=\"318\" height=\"237\" \/><\/a><a href=\"https:\/\/csjesa.univnt.ro\/uploads\/pics\/conferinta_catania\/03.JPG\" target=\"_blank\" rel=\"noopener\"><br \/>\n<img loading=\"lazy\" decoding=\"async\" src=\"https:\/\/csjesa.univnt.ro\/uploads\/pics\/conferinta_catania\/03.JPG\" alt=\"3\" width=\"316\" height=\"236\" \/><\/a>\u00a0<a href=\"https:\/\/csjesa.univnt.ro\/uploads\/pics\/conferinta_catania\/04.JPG\" target=\"_blank\" rel=\"noopener\"><img loading=\"lazy\" decoding=\"async\" src=\"https:\/\/csjesa.univnt.ro\/uploads\/pics\/conferinta_catania\/04.JPG\" alt=\"4\" width=\"314\" height=\"234\" \/><\/a><br \/>\n<a href=\"https:\/\/csjesa.univnt.ro\/uploads\/pics\/conferinta_catania\/05.JPG\" target=\"_blank\" rel=\"noopener\"><img loading=\"lazy\" decoding=\"async\" src=\"https:\/\/csjesa.univnt.ro\/uploads\/pics\/conferinta_catania\/05.JPG\" alt=\"5\" width=\"314\" height=\"234\" \/><\/a><\/p>\n","protected":false},"excerpt":{"rendered":"<p>Echipa de cercetare CS III dr. Norel Neagu \u2013 director de proiect CS II dr. Tudor Avrigeanu \u2013 membru Prep.univ.drd. Lamya-Diana Al-Kawadri &#8211; membru Rezumatul proiectului 1. Obiectivele proiectului 2. Gradul de originalitate si importan\u0163a pentru domeniu 3. Impactul estimat al proiectului 4. Metodologia cercetarii Rezultatele cercet\u0103rii 1. Sinteza cercet\u0103rii 2. Diseminare Obiectivele Proiectului Acest [&hellip;]<\/p>\n","protected":false},"author":1,"featured_media":0,"comment_status":"open","ping_status":"open","sticky":false,"template":"","format":"standard","meta":{"footnotes":""},"categories":[13],"tags":[],"yoast_head":"<!-- This site is optimized with the Yoast SEO plugin v22.5 - https:\/\/yoast.com\/wordpress\/plugins\/seo\/ -->\n<title>Fundamentele Dreptului penal al Uniunii Europene - CSJESA - Centrul de Studii Juridice, Economice \u015fi Socio-Administrative<\/title>\n<meta name=\"robots\" content=\"index, follow, max-snippet:-1, max-image-preview:large, max-video-preview:-1\" \/>\n<link rel=\"canonical\" href=\"https:\/\/csjesa.univnt.ro\/index.php\/fundamentele-dreptului-penal-al-uniunii-europene\/\" \/>\n<meta property=\"og:locale\" content=\"en_US\" \/>\n<meta property=\"og:type\" content=\"article\" \/>\n<meta property=\"og:title\" content=\"Fundamentele Dreptului penal al Uniunii Europene - CSJESA - Centrul de Studii Juridice, Economice \u015fi Socio-Administrative\" \/>\n<meta property=\"og:description\" content=\"Echipa de cercetare CS III dr. Norel Neagu \u2013 director de proiect CS II dr. Tudor Avrigeanu \u2013 membru Prep.univ.drd. Lamya-Diana Al-Kawadri &#8211; membru Rezumatul proiectului 1. Obiectivele proiectului 2. Gradul de originalitate si importan\u0163a pentru domeniu 3. Impactul estimat al proiectului 4. Metodologia cercetarii Rezultatele cercet\u0103rii 1. Sinteza cercet\u0103rii 2. Diseminare Obiectivele Proiectului Acest [&hellip;]\" \/>\n<meta property=\"og:url\" content=\"https:\/\/csjesa.univnt.ro\/index.php\/fundamentele-dreptului-penal-al-uniunii-europene\/\" \/>\n<meta property=\"og:site_name\" content=\"CSJESA - Centrul de Studii Juridice, Economice \u015fi Socio-Administrative\" \/>\n<meta property=\"article:published_time\" content=\"2022-12-03T13:59:20+00:00\" \/>\n<meta property=\"og:image\" content=\"http:\/\/www.beckshop.ro\/pics\/large\/12563_6355_prd.jpg.jpg\" \/>\n<meta name=\"author\" content=\"adming2\" \/>\n<meta name=\"twitter:card\" content=\"summary_large_image\" \/>\n<meta name=\"twitter:label1\" content=\"Written by\" \/>\n\t<meta name=\"twitter:data1\" content=\"adming2\" \/>\n\t<meta name=\"twitter:label2\" content=\"Est. reading time\" \/>\n\t<meta name=\"twitter:data2\" content=\"13 minutes\" \/>\n<script type=\"application\/ld+json\" class=\"yoast-schema-graph\">{\"@context\":\"https:\/\/schema.org\",\"@graph\":[{\"@type\":\"Article\",\"@id\":\"https:\/\/csjesa.univnt.ro\/index.php\/fundamentele-dreptului-penal-al-uniunii-europene\/#article\",\"isPartOf\":{\"@id\":\"https:\/\/csjesa.univnt.ro\/index.php\/fundamentele-dreptului-penal-al-uniunii-europene\/\"},\"author\":{\"name\":\"adming2\",\"@id\":\"https:\/\/csjesa.univnt.ro\/#\/schema\/person\/000d2ee6652357fbee9622e62041d4ce\"},\"headline\":\"Fundamentele Dreptului penal al Uniunii Europene\",\"datePublished\":\"2022-12-03T13:59:20+00:00\",\"dateModified\":\"2022-12-03T13:59:20+00:00\",\"mainEntityOfPage\":{\"@id\":\"https:\/\/csjesa.univnt.ro\/index.php\/fundamentele-dreptului-penal-al-uniunii-europene\/\"},\"wordCount\":2889,\"commentCount\":0,\"publisher\":{\"@id\":\"https:\/\/csjesa.univnt.ro\/#organization\"},\"image\":{\"@id\":\"https:\/\/csjesa.univnt.ro\/index.php\/fundamentele-dreptului-penal-al-uniunii-europene\/#primaryimage\"},\"thumbnailUrl\":\"http:\/\/www.beckshop.ro\/pics\/large\/12563_6355_prd.jpg.jpg\",\"articleSection\":[\"Proiecte\"],\"inLanguage\":\"en-US\",\"potentialAction\":[{\"@type\":\"CommentAction\",\"name\":\"Comment\",\"target\":[\"https:\/\/csjesa.univnt.ro\/index.php\/fundamentele-dreptului-penal-al-uniunii-europene\/#respond\"]}]},{\"@type\":\"WebPage\",\"@id\":\"https:\/\/csjesa.univnt.ro\/index.php\/fundamentele-dreptului-penal-al-uniunii-europene\/\",\"url\":\"https:\/\/csjesa.univnt.ro\/index.php\/fundamentele-dreptului-penal-al-uniunii-europene\/\",\"name\":\"Fundamentele Dreptului penal al Uniunii Europene - CSJESA - Centrul de Studii Juridice, Economice \u015fi Socio-Administrative\",\"isPartOf\":{\"@id\":\"https:\/\/csjesa.univnt.ro\/#website\"},\"primaryImageOfPage\":{\"@id\":\"https:\/\/csjesa.univnt.ro\/index.php\/fundamentele-dreptului-penal-al-uniunii-europene\/#primaryimage\"},\"image\":{\"@id\":\"https:\/\/csjesa.univnt.ro\/index.php\/fundamentele-dreptului-penal-al-uniunii-europene\/#primaryimage\"},\"thumbnailUrl\":\"http:\/\/www.beckshop.ro\/pics\/large\/12563_6355_prd.jpg.jpg\",\"datePublished\":\"2022-12-03T13:59:20+00:00\",\"dateModified\":\"2022-12-03T13:59:20+00:00\",\"breadcrumb\":{\"@id\":\"https:\/\/csjesa.univnt.ro\/index.php\/fundamentele-dreptului-penal-al-uniunii-europene\/#breadcrumb\"},\"inLanguage\":\"en-US\",\"potentialAction\":[{\"@type\":\"ReadAction\",\"target\":[\"https:\/\/csjesa.univnt.ro\/index.php\/fundamentele-dreptului-penal-al-uniunii-europene\/\"]}]},{\"@type\":\"ImageObject\",\"inLanguage\":\"en-US\",\"@id\":\"https:\/\/csjesa.univnt.ro\/index.php\/fundamentele-dreptului-penal-al-uniunii-europene\/#primaryimage\",\"url\":\"http:\/\/www.beckshop.ro\/pics\/large\/12563_6355_prd.jpg.jpg\",\"contentUrl\":\"http:\/\/www.beckshop.ro\/pics\/large\/12563_6355_prd.jpg.jpg\"},{\"@type\":\"BreadcrumbList\",\"@id\":\"https:\/\/csjesa.univnt.ro\/index.php\/fundamentele-dreptului-penal-al-uniunii-europene\/#breadcrumb\",\"itemListElement\":[{\"@type\":\"ListItem\",\"position\":1,\"name\":\"Acas\u0103\",\"item\":\"https:\/\/csjesa.univnt.ro\/\"},{\"@type\":\"ListItem\",\"position\":2,\"name\":\"Fundamentele Dreptului penal al Uniunii Europene\"}]},{\"@type\":\"WebSite\",\"@id\":\"https:\/\/csjesa.univnt.ro\/#website\",\"url\":\"https:\/\/csjesa.univnt.ro\/\",\"name\":\"CSJESA - Centrul de Studii Juridice, Economice \u015fi Socio-Administrative\",\"description\":\"Centrul de Studii Juridice, Economice \u015fi Socio-Administrative CSJESA\",\"publisher\":{\"@id\":\"https:\/\/csjesa.univnt.ro\/#organization\"},\"potentialAction\":[{\"@type\":\"SearchAction\",\"target\":{\"@type\":\"EntryPoint\",\"urlTemplate\":\"https:\/\/csjesa.univnt.ro\/?s={search_term_string}\"},\"query-input\":\"required name=search_term_string\"}],\"inLanguage\":\"en-US\"},{\"@type\":\"Organization\",\"@id\":\"https:\/\/csjesa.univnt.ro\/#organization\",\"name\":\"CSJESA - Centrul de Studii Juridice, Economice \u015fi Socio-Administrative\",\"url\":\"https:\/\/csjesa.univnt.ro\/\",\"logo\":{\"@type\":\"ImageObject\",\"inLanguage\":\"en-US\",\"@id\":\"https:\/\/csjesa.univnt.ro\/#\/schema\/logo\/image\/\",\"url\":\"https:\/\/csjesa.univnt.ro\/wp-content\/uploads\/2022\/12\/cropped-logo-univnt.png\",\"contentUrl\":\"https:\/\/csjesa.univnt.ro\/wp-content\/uploads\/2022\/12\/cropped-logo-univnt.png\",\"width\":190,\"height\":190,\"caption\":\"CSJESA - Centrul de Studii Juridice, Economice \u015fi Socio-Administrative\"},\"image\":{\"@id\":\"https:\/\/csjesa.univnt.ro\/#\/schema\/logo\/image\/\"}},{\"@type\":\"Person\",\"@id\":\"https:\/\/csjesa.univnt.ro\/#\/schema\/person\/000d2ee6652357fbee9622e62041d4ce\",\"name\":\"adming2\",\"image\":{\"@type\":\"ImageObject\",\"inLanguage\":\"en-US\",\"@id\":\"https:\/\/csjesa.univnt.ro\/#\/schema\/person\/image\/\",\"url\":\"https:\/\/secure.gravatar.com\/avatar\/16d62d173eccc9d708a85833db3cd968?s=96&d=mm&r=g\",\"contentUrl\":\"https:\/\/secure.gravatar.com\/avatar\/16d62d173eccc9d708a85833db3cd968?s=96&d=mm&r=g\",\"caption\":\"adming2\"},\"sameAs\":[\"http:\/\/george2.univnt.ro\"],\"url\":\"https:\/\/csjesa.univnt.ro\/index.php\/author\/adming2\/\"}]}<\/script>\n<!-- \/ Yoast SEO plugin. -->","yoast_head_json":{"title":"Fundamentele Dreptului penal al Uniunii Europene - CSJESA - Centrul de Studii Juridice, Economice \u015fi Socio-Administrative","robots":{"index":"index","follow":"follow","max-snippet":"max-snippet:-1","max-image-preview":"max-image-preview:large","max-video-preview":"max-video-preview:-1"},"canonical":"https:\/\/csjesa.univnt.ro\/index.php\/fundamentele-dreptului-penal-al-uniunii-europene\/","og_locale":"en_US","og_type":"article","og_title":"Fundamentele Dreptului penal al Uniunii Europene - CSJESA - Centrul de Studii Juridice, Economice \u015fi Socio-Administrative","og_description":"Echipa de cercetare CS III dr. Norel Neagu \u2013 director de proiect CS II dr. Tudor Avrigeanu \u2013 membru Prep.univ.drd. Lamya-Diana Al-Kawadri &#8211; membru Rezumatul proiectului 1. Obiectivele proiectului 2. Gradul de originalitate si importan\u0163a pentru domeniu 3. Impactul estimat al proiectului 4. Metodologia cercetarii Rezultatele cercet\u0103rii 1. Sinteza cercet\u0103rii 2. Diseminare Obiectivele Proiectului Acest [&hellip;]","og_url":"https:\/\/csjesa.univnt.ro\/index.php\/fundamentele-dreptului-penal-al-uniunii-europene\/","og_site_name":"CSJESA - Centrul de Studii Juridice, Economice \u015fi Socio-Administrative","article_published_time":"2022-12-03T13:59:20+00:00","og_image":[{"url":"http:\/\/www.beckshop.ro\/pics\/large\/12563_6355_prd.jpg.jpg"}],"author":"adming2","twitter_card":"summary_large_image","twitter_misc":{"Written by":"adming2","Est. reading time":"13 minutes"},"schema":{"@context":"https:\/\/schema.org","@graph":[{"@type":"Article","@id":"https:\/\/csjesa.univnt.ro\/index.php\/fundamentele-dreptului-penal-al-uniunii-europene\/#article","isPartOf":{"@id":"https:\/\/csjesa.univnt.ro\/index.php\/fundamentele-dreptului-penal-al-uniunii-europene\/"},"author":{"name":"adming2","@id":"https:\/\/csjesa.univnt.ro\/#\/schema\/person\/000d2ee6652357fbee9622e62041d4ce"},"headline":"Fundamentele Dreptului penal al Uniunii Europene","datePublished":"2022-12-03T13:59:20+00:00","dateModified":"2022-12-03T13:59:20+00:00","mainEntityOfPage":{"@id":"https:\/\/csjesa.univnt.ro\/index.php\/fundamentele-dreptului-penal-al-uniunii-europene\/"},"wordCount":2889,"commentCount":0,"publisher":{"@id":"https:\/\/csjesa.univnt.ro\/#organization"},"image":{"@id":"https:\/\/csjesa.univnt.ro\/index.php\/fundamentele-dreptului-penal-al-uniunii-europene\/#primaryimage"},"thumbnailUrl":"http:\/\/www.beckshop.ro\/pics\/large\/12563_6355_prd.jpg.jpg","articleSection":["Proiecte"],"inLanguage":"en-US","potentialAction":[{"@type":"CommentAction","name":"Comment","target":["https:\/\/csjesa.univnt.ro\/index.php\/fundamentele-dreptului-penal-al-uniunii-europene\/#respond"]}]},{"@type":"WebPage","@id":"https:\/\/csjesa.univnt.ro\/index.php\/fundamentele-dreptului-penal-al-uniunii-europene\/","url":"https:\/\/csjesa.univnt.ro\/index.php\/fundamentele-dreptului-penal-al-uniunii-europene\/","name":"Fundamentele Dreptului penal al Uniunii Europene - CSJESA - Centrul de Studii Juridice, Economice \u015fi Socio-Administrative","isPartOf":{"@id":"https:\/\/csjesa.univnt.ro\/#website"},"primaryImageOfPage":{"@id":"https:\/\/csjesa.univnt.ro\/index.php\/fundamentele-dreptului-penal-al-uniunii-europene\/#primaryimage"},"image":{"@id":"https:\/\/csjesa.univnt.ro\/index.php\/fundamentele-dreptului-penal-al-uniunii-europene\/#primaryimage"},"thumbnailUrl":"http:\/\/www.beckshop.ro\/pics\/large\/12563_6355_prd.jpg.jpg","datePublished":"2022-12-03T13:59:20+00:00","dateModified":"2022-12-03T13:59:20+00:00","breadcrumb":{"@id":"https:\/\/csjesa.univnt.ro\/index.php\/fundamentele-dreptului-penal-al-uniunii-europene\/#breadcrumb"},"inLanguage":"en-US","potentialAction":[{"@type":"ReadAction","target":["https:\/\/csjesa.univnt.ro\/index.php\/fundamentele-dreptului-penal-al-uniunii-europene\/"]}]},{"@type":"ImageObject","inLanguage":"en-US","@id":"https:\/\/csjesa.univnt.ro\/index.php\/fundamentele-dreptului-penal-al-uniunii-europene\/#primaryimage","url":"http:\/\/www.beckshop.ro\/pics\/large\/12563_6355_prd.jpg.jpg","contentUrl":"http:\/\/www.beckshop.ro\/pics\/large\/12563_6355_prd.jpg.jpg"},{"@type":"BreadcrumbList","@id":"https:\/\/csjesa.univnt.ro\/index.php\/fundamentele-dreptului-penal-al-uniunii-europene\/#breadcrumb","itemListElement":[{"@type":"ListItem","position":1,"name":"Acas\u0103","item":"https:\/\/csjesa.univnt.ro\/"},{"@type":"ListItem","position":2,"name":"Fundamentele Dreptului penal al Uniunii Europene"}]},{"@type":"WebSite","@id":"https:\/\/csjesa.univnt.ro\/#website","url":"https:\/\/csjesa.univnt.ro\/","name":"CSJESA - Centrul de Studii Juridice, Economice \u015fi Socio-Administrative","description":"Centrul de Studii Juridice, Economice \u015fi Socio-Administrative CSJESA","publisher":{"@id":"https:\/\/csjesa.univnt.ro\/#organization"},"potentialAction":[{"@type":"SearchAction","target":{"@type":"EntryPoint","urlTemplate":"https:\/\/csjesa.univnt.ro\/?s={search_term_string}"},"query-input":"required name=search_term_string"}],"inLanguage":"en-US"},{"@type":"Organization","@id":"https:\/\/csjesa.univnt.ro\/#organization","name":"CSJESA - Centrul de Studii Juridice, Economice \u015fi Socio-Administrative","url":"https:\/\/csjesa.univnt.ro\/","logo":{"@type":"ImageObject","inLanguage":"en-US","@id":"https:\/\/csjesa.univnt.ro\/#\/schema\/logo\/image\/","url":"https:\/\/csjesa.univnt.ro\/wp-content\/uploads\/2022\/12\/cropped-logo-univnt.png","contentUrl":"https:\/\/csjesa.univnt.ro\/wp-content\/uploads\/2022\/12\/cropped-logo-univnt.png","width":190,"height":190,"caption":"CSJESA - Centrul de Studii Juridice, Economice \u015fi Socio-Administrative"},"image":{"@id":"https:\/\/csjesa.univnt.ro\/#\/schema\/logo\/image\/"}},{"@type":"Person","@id":"https:\/\/csjesa.univnt.ro\/#\/schema\/person\/000d2ee6652357fbee9622e62041d4ce","name":"adming2","image":{"@type":"ImageObject","inLanguage":"en-US","@id":"https:\/\/csjesa.univnt.ro\/#\/schema\/person\/image\/","url":"https:\/\/secure.gravatar.com\/avatar\/16d62d173eccc9d708a85833db3cd968?s=96&d=mm&r=g","contentUrl":"https:\/\/secure.gravatar.com\/avatar\/16d62d173eccc9d708a85833db3cd968?s=96&d=mm&r=g","caption":"adming2"},"sameAs":["http:\/\/george2.univnt.ro"],"url":"https:\/\/csjesa.univnt.ro\/index.php\/author\/adming2\/"}]}},"_links":{"self":[{"href":"https:\/\/csjesa.univnt.ro\/index.php\/wp-json\/wp\/v2\/posts\/396"}],"collection":[{"href":"https:\/\/csjesa.univnt.ro\/index.php\/wp-json\/wp\/v2\/posts"}],"about":[{"href":"https:\/\/csjesa.univnt.ro\/index.php\/wp-json\/wp\/v2\/types\/post"}],"author":[{"embeddable":true,"href":"https:\/\/csjesa.univnt.ro\/index.php\/wp-json\/wp\/v2\/users\/1"}],"replies":[{"embeddable":true,"href":"https:\/\/csjesa.univnt.ro\/index.php\/wp-json\/wp\/v2\/comments?post=396"}],"version-history":[{"count":1,"href":"https:\/\/csjesa.univnt.ro\/index.php\/wp-json\/wp\/v2\/posts\/396\/revisions"}],"predecessor-version":[{"id":397,"href":"https:\/\/csjesa.univnt.ro\/index.php\/wp-json\/wp\/v2\/posts\/396\/revisions\/397"}],"wp:attachment":[{"href":"https:\/\/csjesa.univnt.ro\/index.php\/wp-json\/wp\/v2\/media?parent=396"}],"wp:term":[{"taxonomy":"category","embeddable":true,"href":"https:\/\/csjesa.univnt.ro\/index.php\/wp-json\/wp\/v2\/categories?post=396"},{"taxonomy":"post_tag","embeddable":true,"href":"https:\/\/csjesa.univnt.ro\/index.php\/wp-json\/wp\/v2\/tags?post=396"}],"curies":[{"name":"wp","href":"https:\/\/api.w.org\/{rel}","templated":true}]}}